{"id":1072,"date":"2024-09-13T07:35:19","date_gmt":"2024-09-13T05:35:19","guid":{"rendered":"https:\/\/www.med30.org\/?p=1072"},"modified":"2024-09-13T07:47:58","modified_gmt":"2024-09-13T05:47:58","slug":"la-reserva-marina-de-cabo-tinoso-en-cartagena-cumple-siete-anos-como-modelo-de-conservacion-en-el-mediterraneo","status":"publish","type":"post","link":"https:\/\/www.med30.org\/ca\/2024\/09\/13\/la-reserva-marina-de-cabo-tinoso-en-cartagena-cumple-siete-anos-como-modelo-de-conservacion-en-el-mediterraneo\/","title":{"rendered":"La reserva marina de Cabo Ti\u00f1oso, en Cartagena, cumple siete a\u00f1os como modelo de conservaci\u00f3n en el Mediterr\u00e1neo"},"content":{"rendered":"<p><span>Este espacio protegido cuenta con una extensi\u00f3n de 1.173 hect\u00e1reas, y en su interior salmonetes, sargos, caramel, lechas y barracudas<\/span><\/p>\n","protected":false},"excerpt":{"rendered":"<p>Este espacio protegido cuenta con una extensi\u00f3n de 1.173 hect\u00e1reas, y en su interior salmonetes, sargos, caramel, lechas y barracudas<\/p>\n","protected":false},"author":4,"featured_media":1073,"comment_status":"closed","ping_status":"closed","sticky":false,"template":"","format":"standard","meta":{"_acf_changed":false,"footnotes":""},"categories":[1],"tags":[62,63,58],"filtro":[32],"palabra-clave":[60,61,59],"class_list":["post-1072","post","type-post","status-publish","format-standard","has-post-thumbnail","hentry","category-sin-categorizar","tag-cartagena","tag-murcia","tag-reservas-marinas","filtro-als-mitjans","palabra-clave-marina","palabra-clave-murcia","palabra-clave-reserva"],"acf":[],"_links":{"self":[{"href":"https:\/\/www.med30.org\/ca\/wp-json\/wp\/v2\/posts\/1072","targetHints":{"allow":["GET"]}}],"collection":[{"href":"https:\/\/www.med30.org\/ca\/wp-json\/wp\/v2\/posts"}],"about":[{"href":"https:\/\/www.med30.org\/ca\/wp-json\/wp\/v2\/types\/post"}],"author":[{"embeddable":true,"href":"https:\/\/www.med30.org\/ca\/wp-json\/wp\/v2\/users\/4"}],"replies":[{"embeddable":true,"href":"https:\/\/www.med30.org\/ca\/wp-json\/wp\/v2\/comments?post=1072"}],"version-history":[{"count":2,"href":"https:\/\/www.med30.org\/ca\/wp-json\/wp\/v2\/posts\/1072\/revisions"}],"predecessor-version":[{"id":1080,"href":"https:\/\/www.med30.org\/ca\/wp-json\/wp\/v2\/posts\/1072\/revisions\/1080"}],"wp:featuredmedia":[{"embeddable":true,"href":"https:\/\/www.med30.org\/ca\/wp-json\/wp\/v2\/media\/1073"}],"wp:attachment":[{"href":"https:\/\/www.med30.org\/ca\/wp-json\/wp\/v2\/media?parent=1072"}],"wp:term":[{"taxonomy":"category","embeddable":true,"href":"https:\/\/www.med30.org\/ca\/wp-json\/wp\/v2\/categories?post=1072"},{"taxonomy":"post_tag","embeddable":true,"href":"https:\/\/www.med30.org\/ca\/wp-json\/wp\/v2\/tags?post=1072"},{"taxonomy":"filtro","embeddable":true,"href":"https:\/\/www.med30.org\/ca\/wp-json\/wp\/v2\/filtro?post=1072"},{"taxonomy":"palabra-clave","embeddable":true,"href":"https:\/\/www.med30.org\/ca\/wp-json\/wp\/v2\/palabra-clave?post=1072"}],"curies":[{"name":"wp","href":"https:\/\/api.w.org\/{rel}","templated":true}]}}