{"id":1244,"date":"2024-09-21T16:28:30","date_gmt":"2024-09-21T14:28:30","guid":{"rendered":"https:\/\/www.med30.org\/2024\/09\/21\/ecologistas-y-pescadores-unidos-para-proteger-el-fondo-marino\/"},"modified":"2024-10-10T16:30:25","modified_gmt":"2024-10-10T14:30:25","slug":"ecologistas-y-pescadores-unidos-para-proteger-el-fondo-marino","status":"publish","type":"post","link":"https:\/\/www.med30.org\/ca\/2024\/09\/21\/ecologistas-y-pescadores-unidos-para-proteger-el-fondo-marino\/","title":{"rendered":"Ecologistas y pescadores, unidos para proteger el fondo marino"},"content":{"rendered":"<p><span>L&#8217;<strong>Associaci\u00f3 de Pescadors del Parc Natural Cap de Gata-<\/strong><\/span><strong>N\u00edjar<\/strong><span> treballar\u00e0 conjuntament amb diferents organitzacions no governamentals per a desenvolupar el projecte MED30.<\/span><\/p>\n","protected":false},"excerpt":{"rendered":"<p>L&#8217;Associaci\u00f3 de Pescadors del Parc Natural Cap de Gata-N\u00edjar treballar\u00e0 conjuntament amb diferents organitzacions no governamentals per a desenvolupar el projecte MED30.<\/p>\n","protected":false},"author":4,"featured_media":1237,"comment_status":"closed","ping_status":"closed","sticky":false,"template":"","format":"standard","meta":{"_acf_changed":false,"footnotes":""},"categories":[29],"tags":[93,92,120,137],"filtro":[32],"palabra-clave":[95,94,72,138,139],"class_list":["post-1244","post","type-post","status-publish","format-standard","has-post-thumbnail","hentry","category-sense-categoritzar","tag-10x30-ca","tag-30x30-ca","tag-emp","tag-pesca-ca","filtro-als-mitjans","palabra-clave-10x30-ca","palabra-clave-30x30-ca","palabra-clave-emp","palabra-clave-pesca-ca","palabra-clave-pescadores-ca"],"acf":[],"_links":{"self":[{"href":"https:\/\/www.med30.org\/ca\/wp-json\/wp\/v2\/posts\/1244","targetHints":{"allow":["GET"]}}],"collection":[{"href":"https:\/\/www.med30.org\/ca\/wp-json\/wp\/v2\/posts"}],"about":[{"href":"https:\/\/www.med30.org\/ca\/wp-json\/wp\/v2\/types\/post"}],"author":[{"embeddable":true,"href":"https:\/\/www.med30.org\/ca\/wp-json\/wp\/v2\/users\/4"}],"replies":[{"embeddable":true,"href":"https:\/\/www.med30.org\/ca\/wp-json\/wp\/v2\/comments?post=1244"}],"version-history":[{"count":1,"href":"https:\/\/www.med30.org\/ca\/wp-json\/wp\/v2\/posts\/1244\/revisions"}],"predecessor-version":[{"id":1245,"href":"https:\/\/www.med30.org\/ca\/wp-json\/wp\/v2\/posts\/1244\/revisions\/1245"}],"wp:featuredmedia":[{"embeddable":true,"href":"https:\/\/www.med30.org\/ca\/wp-json\/wp\/v2\/media\/1237"}],"wp:attachment":[{"href":"https:\/\/www.med30.org\/ca\/wp-json\/wp\/v2\/media?parent=1244"}],"wp:term":[{"taxonomy":"category","embeddable":true,"href":"https:\/\/www.med30.org\/ca\/wp-json\/wp\/v2\/categories?post=1244"},{"taxonomy":"post_tag","embeddable":true,"href":"https:\/\/www.med30.org\/ca\/wp-json\/wp\/v2\/tags?post=1244"},{"taxonomy":"filtro","embeddable":true,"href":"https:\/\/www.med30.org\/ca\/wp-json\/wp\/v2\/filtro?post=1244"},{"taxonomy":"palabra-clave","embeddable":true,"href":"https:\/\/www.med30.org\/ca\/wp-json\/wp\/v2\/palabra-clave?post=1244"}],"curies":[{"name":"wp","href":"https:\/\/api.w.org\/{rel}","templated":true}]}}